{"id":28042,"date":"2026-09-03T07:51:55","date_gmt":"2026-09-03T10:51:55","guid":{"rendered":"https:\/\/www.redemagic.com\/blog\/?p=28042"},"modified":"2026-09-03T14:26:46","modified_gmt":"2026-09-03T17:26:46","slug":"shineray-no-festival-interlagos-2026","status":"publish","type":"post","link":"https:\/\/www.redemagic.com\/blog\/live-marketing\/shineray-no-festival-interlagos-2026\/","title":{"rendered":"Shineray no Festival Interlagos 2026"},"content":{"rendered":"\n<p class=\"wp-block-paragraph\">O <strong><a href=\"https:\/\/moto.festivalinterlagos.com.br\/\" target=\"_blank\" rel=\"noreferrer noopener\">Festival Interlagos 2026<\/a><\/strong> reuniu, no <strong>Aut\u00f3dromo de Interlagos<\/strong>, em S\u00e3o Paulo, algumas das principais marcas do mercado duas rodas em uma edi\u00e7\u00e3o marcada por lan\u00e7amentos, experi\u00eancias de pilotagem, ativa\u00e7\u00f5es, entretenimento e grande presen\u00e7a de p\u00fablico.<\/p>\n\n\n\n<p class=\"wp-block-paragraph\">Criado originalmente pela Revista Duas Rodas como Festival Duas Rodas, o evento nasceu com a proposta de substituir o formato tradicional de sal\u00e3o de motocicletas por uma experi\u00eancia mais din\u00e2mica e interativa. Em vez de apenas apresentar produtos em exposi\u00e7\u00e3o, <strong>o festival permite que o p\u00fablico viva o universo das motos na pr\u00e1tica, com test-rides, pistas, circuitos urbanos e off-road, demonstra\u00e7\u00f5es esportivas e contato direto com as novidades do setor.<\/strong><\/p>\n\n\n\n<!--more-->\n\n\n\n<p class=\"wp-block-paragraph\">Ao longo dos anos, o evento evoluiu para o conceito de Festival Interlagos, ampliando sua for\u00e7a como plataforma de experi\u00eancia, relacionamento e neg\u00f3cios. Em 2025, o festival reuniu aproximadamente 179 mil visitantes. J\u00e1 <strong>em 2026, a edi\u00e7\u00e3o de motos atraiu cerca de 200 mil pessoas e contou com aproximadamente 50 lan\u00e7amentos de modelos de duas rodas<\/strong>, consolidando o Aut\u00f3dromo de Interlagos como um dos principais pontos de encontro do mercado no Brasil.<\/p>\n\n\n\n<figure class=\"wp-block-gallery has-nested-images columns-default is-cropped wp-block-gallery-1 is-layout-flex wp-block-gallery-is-layout-flex\">\n<figure class=\"wp-block-image size-large\"><a href=\"https:\/\/www.redemagic.com\/blog\/wp-content\/uploads\/2026\/09\/Shineray-Festival-Interlagos1.png\" data-lbwps-width=\"1536\" data-lbwps-height=\"1024\" data-lbwps-srcsmall=\"https:\/\/www.redemagic.com\/blog\/wp-content\/uploads\/2026\/09\/Shineray-Festival-Interlagos1-300x200.png\"><img loading=\"lazy\" decoding=\"async\" width=\"1024\" height=\"683\" data-id=\"28054\" src=\"https:\/\/www.redemagic.com\/blog\/wp-content\/uploads\/2026\/09\/Shineray-Festival-Interlagos1-1024x683.png\" alt=\"\" class=\"wp-image-28054\" srcset=\"https:\/\/www.redemagic.com\/blog\/wp-content\/uploads\/2026\/09\/Shineray-Festival-Interlagos1-1024x683.png 1024w, https:\/\/www.redemagic.com\/blog\/wp-content\/uploads\/2026\/09\/Shineray-Festival-Interlagos1-300x200.png 300w, https:\/\/www.redemagic.com\/blog\/wp-content\/uploads\/2026\/09\/Shineray-Festival-Interlagos1-768x512.png 768w, https:\/\/www.redemagic.com\/blog\/wp-content\/uploads\/2026\/09\/Shineray-Festival-Interlagos1.png 1536w\" sizes=\"auto, (max-width: 1024px) 100vw, 1024px\" \/><\/a><\/figure>\n\n\n\n<figure class=\"wp-block-image size-large\"><a href=\"https:\/\/www.redemagic.com\/blog\/wp-content\/uploads\/2026\/09\/Shineray-Festival-Interlagos2.png\" data-lbwps-width=\"1536\" data-lbwps-height=\"1024\" data-lbwps-srcsmall=\"https:\/\/www.redemagic.com\/blog\/wp-content\/uploads\/2026\/09\/Shineray-Festival-Interlagos2-300x200.png\"><img loading=\"lazy\" decoding=\"async\" width=\"1024\" height=\"683\" data-id=\"28055\" src=\"https:\/\/www.redemagic.com\/blog\/wp-content\/uploads\/2026\/09\/Shineray-Festival-Interlagos2-1024x683.png\" alt=\"\" class=\"wp-image-28055\" srcset=\"https:\/\/www.redemagic.com\/blog\/wp-content\/uploads\/2026\/09\/Shineray-Festival-Interlagos2-1024x683.png 1024w, https:\/\/www.redemagic.com\/blog\/wp-content\/uploads\/2026\/09\/Shineray-Festival-Interlagos2-300x200.png 300w, https:\/\/www.redemagic.com\/blog\/wp-content\/uploads\/2026\/09\/Shineray-Festival-Interlagos2-768x512.png 768w, https:\/\/www.redemagic.com\/blog\/wp-content\/uploads\/2026\/09\/Shineray-Festival-Interlagos2.png 1536w\" sizes=\"auto, (max-width: 1024px) 100vw, 1024px\" \/><\/a><\/figure>\n\n\n\n<figure class=\"wp-block-image size-large\"><a href=\"https:\/\/www.redemagic.com\/blog\/wp-content\/uploads\/2026\/09\/Shineray-Festival-Interlagos12.png\" data-lbwps-width=\"1535\" data-lbwps-height=\"1024\" data-lbwps-srcsmall=\"https:\/\/www.redemagic.com\/blog\/wp-content\/uploads\/2026\/09\/Shineray-Festival-Interlagos12-300x200.png\"><img loading=\"lazy\" decoding=\"async\" width=\"1024\" height=\"683\" data-id=\"28058\" src=\"https:\/\/www.redemagic.com\/blog\/wp-content\/uploads\/2026\/09\/Shineray-Festival-Interlagos12-1024x683.png\" alt=\"\" class=\"wp-image-28058\" srcset=\"https:\/\/www.redemagic.com\/blog\/wp-content\/uploads\/2026\/09\/Shineray-Festival-Interlagos12-1024x683.png 1024w, https:\/\/www.redemagic.com\/blog\/wp-content\/uploads\/2026\/09\/Shineray-Festival-Interlagos12-300x200.png 300w, https:\/\/www.redemagic.com\/blog\/wp-content\/uploads\/2026\/09\/Shineray-Festival-Interlagos12-768x512.png 768w, https:\/\/www.redemagic.com\/blog\/wp-content\/uploads\/2026\/09\/Shineray-Festival-Interlagos12.png 1535w\" sizes=\"auto, (max-width: 1024px) 100vw, 1024px\" \/><\/a><\/figure>\n\n\n\n<figure class=\"wp-block-image size-large\"><a href=\"https:\/\/www.redemagic.com\/blog\/wp-content\/uploads\/2026\/09\/Shineray-Festival-Interlagos9.png\" data-lbwps-width=\"1536\" data-lbwps-height=\"1024\" data-lbwps-srcsmall=\"https:\/\/www.redemagic.com\/blog\/wp-content\/uploads\/2026\/09\/Shineray-Festival-Interlagos9-300x200.png\"><img loading=\"lazy\" decoding=\"async\" width=\"1024\" height=\"683\" data-id=\"28048\" src=\"https:\/\/www.redemagic.com\/blog\/wp-content\/uploads\/2026\/09\/Shineray-Festival-Interlagos9-1024x683.png\" alt=\"\" class=\"wp-image-28048\" srcset=\"https:\/\/www.redemagic.com\/blog\/wp-content\/uploads\/2026\/09\/Shineray-Festival-Interlagos9-1024x683.png 1024w, https:\/\/www.redemagic.com\/blog\/wp-content\/uploads\/2026\/09\/Shineray-Festival-Interlagos9-300x200.png 300w, https:\/\/www.redemagic.com\/blog\/wp-content\/uploads\/2026\/09\/Shineray-Festival-Interlagos9-768x512.png 768w, https:\/\/www.redemagic.com\/blog\/wp-content\/uploads\/2026\/09\/Shineray-Festival-Interlagos9.png 1536w\" sizes=\"auto, (max-width: 1024px) 100vw, 1024px\" \/><\/a><\/figure>\n\n\n\n<figure class=\"wp-block-image size-large\"><a href=\"https:\/\/www.redemagic.com\/blog\/wp-content\/uploads\/2026\/09\/Shineray-Festival-Interlagos14.png\" data-lbwps-width=\"1448\" data-lbwps-height=\"1086\" data-lbwps-srcsmall=\"https:\/\/www.redemagic.com\/blog\/wp-content\/uploads\/2026\/09\/Shineray-Festival-Interlagos14-300x225.png\"><img loading=\"lazy\" decoding=\"async\" width=\"1024\" height=\"768\" data-id=\"28057\" src=\"https:\/\/www.redemagic.com\/blog\/wp-content\/uploads\/2026\/09\/Shineray-Festival-Interlagos14-1024x768.png\" alt=\"\" class=\"wp-image-28057\" srcset=\"https:\/\/www.redemagic.com\/blog\/wp-content\/uploads\/2026\/09\/Shineray-Festival-Interlagos14-1024x768.png 1024w, https:\/\/www.redemagic.com\/blog\/wp-content\/uploads\/2026\/09\/Shineray-Festival-Interlagos14-300x225.png 300w, https:\/\/www.redemagic.com\/blog\/wp-content\/uploads\/2026\/09\/Shineray-Festival-Interlagos14-768x576.png 768w, https:\/\/www.redemagic.com\/blog\/wp-content\/uploads\/2026\/09\/Shineray-Festival-Interlagos14.png 1448w\" sizes=\"auto, (max-width: 1024px) 100vw, 1024px\" \/><\/a><\/figure>\n\n\n\n<figure class=\"wp-block-image size-large\"><a href=\"https:\/\/www.redemagic.com\/blog\/wp-content\/uploads\/2026\/09\/Shineray-Festival-Interlagos8.png\" data-lbwps-width=\"1536\" data-lbwps-height=\"1024\" data-lbwps-srcsmall=\"https:\/\/www.redemagic.com\/blog\/wp-content\/uploads\/2026\/09\/Shineray-Festival-Interlagos8-300x200.png\"><img loading=\"lazy\" decoding=\"async\" width=\"1024\" height=\"683\" data-id=\"28047\" src=\"https:\/\/www.redemagic.com\/blog\/wp-content\/uploads\/2026\/09\/Shineray-Festival-Interlagos8-1024x683.png\" alt=\"\" class=\"wp-image-28047\" srcset=\"https:\/\/www.redemagic.com\/blog\/wp-content\/uploads\/2026\/09\/Shineray-Festival-Interlagos8-1024x683.png 1024w, https:\/\/www.redemagic.com\/blog\/wp-content\/uploads\/2026\/09\/Shineray-Festival-Interlagos8-300x200.png 300w, https:\/\/www.redemagic.com\/blog\/wp-content\/uploads\/2026\/09\/Shineray-Festival-Interlagos8-768x512.png 768w, https:\/\/www.redemagic.com\/blog\/wp-content\/uploads\/2026\/09\/Shineray-Festival-Interlagos8.png 1536w\" sizes=\"auto, (max-width: 1024px) 100vw, 1024px\" \/><\/a><\/figure>\n\n\n\n<figure class=\"wp-block-image size-large\"><a href=\"https:\/\/www.redemagic.com\/blog\/wp-content\/uploads\/2026\/09\/Shineray-Festival-Interlagos3.png\" data-lbwps-width=\"1537\" data-lbwps-height=\"1023\" data-lbwps-srcsmall=\"https:\/\/www.redemagic.com\/blog\/wp-content\/uploads\/2026\/09\/Shineray-Festival-Interlagos3-300x200.png\"><img loading=\"lazy\" decoding=\"async\" width=\"1024\" height=\"682\" data-id=\"28053\" src=\"https:\/\/www.redemagic.com\/blog\/wp-content\/uploads\/2026\/09\/Shineray-Festival-Interlagos3-1024x682.png\" alt=\"\" class=\"wp-image-28053\" srcset=\"https:\/\/www.redemagic.com\/blog\/wp-content\/uploads\/2026\/09\/Shineray-Festival-Interlagos3-1024x682.png 1024w, https:\/\/www.redemagic.com\/blog\/wp-content\/uploads\/2026\/09\/Shineray-Festival-Interlagos3-300x200.png 300w, https:\/\/www.redemagic.com\/blog\/wp-content\/uploads\/2026\/09\/Shineray-Festival-Interlagos3-768x511.png 768w, https:\/\/www.redemagic.com\/blog\/wp-content\/uploads\/2026\/09\/Shineray-Festival-Interlagos3.png 1537w\" sizes=\"auto, (max-width: 1024px) 100vw, 1024px\" \/><\/a><\/figure>\n<\/figure>\n\n\n\n<p class=\"wp-block-paragraph\">A <strong><a href=\"https:\/\/www.shineray.com.br\/\" target=\"_blank\" rel=\"noreferrer noopener\">Shineray do Brasil<\/a><\/strong> marcou presen\u00e7a no Festival Interlagos 2026 com <strong>um espa\u00e7o de 432 m\u00b2<\/strong> desenvolvido para apresentar motocicletas, lan\u00e7amentos e experi\u00eancias ligadas ao portf\u00f3lio da marca. O estande reuniu diversos modelos em exposi\u00e7\u00e3o, ambienta\u00e7\u00e3o dedicada ao universo da mobilidade e um simulador de moto, criado para ampliar a intera\u00e7\u00e3o do p\u00fablico com a marca ao longo dos dias de evento.<\/p>\n\n\n\n<p class=\"wp-block-paragraph\">A participa\u00e7\u00e3o da Shineray tamb\u00e9m teve destaque com a <strong>apresenta\u00e7\u00e3o da sua divis\u00e3o premium<\/strong>, <strong><a href=\"https:\/\/www.shineray.com.br\/sbm\/\" data-type=\"link\" data-id=\"https:\/\/www.shineray.com.br\/sbm\/\" target=\"_blank\" rel=\"noreferrer noopener\">SBM<\/a><\/strong>, refor\u00e7ando o posicionamento da marca em um momento de expans\u00e3o e fortalecimento no mercado nacional. Em um festival voltado a apaixonados por motos, especialistas, imprensa, consumidores e profissionais do setor, o espa\u00e7o funcionou como ponto de contato entre produto, experi\u00eancia e relacionamento.<\/p>\n\n\n\n<figure class=\"wp-block-embed is-type-video is-provider-youtube wp-block-embed-youtube wp-embed-aspect-4-3 wp-has-aspect-ratio\"><div class=\"wp-block-embed__wrapper\">\n<iframe loading=\"lazy\" title=\"Shineray no Festival Interlagos 2026\" width=\"500\" height=\"281\" src=\"https:\/\/www.youtube.com\/embed\/ZJfvXcX_zYw?feature=oembed\" frameborder=\"0\" allow=\"accelerometer; autoplay; clipboard-write; encrypted-media; gyroscope; picture-in-picture; web-share\" referrerpolicy=\"strict-origin-when-cross-origin\" allowfullscreen><\/iframe>\n<\/div><\/figure>\n\n\n\n<p class=\"wp-block-paragraph\">A <strong>Rede Magic<\/strong> foi respons\u00e1vel pela constru\u00e7\u00e3o da experi\u00eancia da Shineray no evento, desenvolvendo uma entrega pensada para valorizar a presen\u00e7a da marca dentro de um dos maiores encontros do segmento duas rodas no pa\u00eds. O trabalho envolveu a estrutura\u00e7\u00e3o do espa\u00e7o, organiza\u00e7\u00e3o da exposi\u00e7\u00e3o dos modelos, ambienta\u00e7\u00e3o, suporte \u00e0 experi\u00eancia do p\u00fablico e integra\u00e7\u00e3o dos elementos que compuseram a jornada dos visitantes no estande.<\/p>\n\n\n\n<p class=\"wp-block-paragraph\">Al\u00e9m da \u00e1rea expositiva, a entrega contou com materiais pensados para diferentes p\u00fablicos do festival. Foram produzidos e entregues <strong>50 kits para jornalistas<\/strong>, compostos por um kit de l\u00e1pis Artools e um apontador em formato de capacete, refor\u00e7ando o cuidado da marca com a imprensa e com os profissionais que acompanharam os lan\u00e7amentos do setor. Durante os cinco dias de evento, tamb\u00e9m foram entregues <strong>5.000 sacolas produzidas pela cliente<\/strong>, ampliando a presen\u00e7a da Shineray na circula\u00e7\u00e3o do p\u00fablico pelo Aut\u00f3dromo de Interlagos.<\/p>\n\n\n\n<figure class=\"wp-block-gallery has-nested-images columns-default is-cropped wp-block-gallery-2 is-layout-flex wp-block-gallery-is-layout-flex\">\n<figure class=\"wp-block-image size-large\"><a href=\"https:\/\/www.redemagic.com\/blog\/wp-content\/uploads\/2026\/09\/Shineray-Festival-Interlagos4.png\" data-lbwps-width=\"1536\" data-lbwps-height=\"1024\" data-lbwps-srcsmall=\"https:\/\/www.redemagic.com\/blog\/wp-content\/uploads\/2026\/09\/Shineray-Festival-Interlagos4-300x200.png\"><img loading=\"lazy\" decoding=\"async\" width=\"1024\" height=\"683\" data-id=\"28051\" src=\"https:\/\/www.redemagic.com\/blog\/wp-content\/uploads\/2026\/09\/Shineray-Festival-Interlagos4-1024x683.png\" alt=\"\" class=\"wp-image-28051\" srcset=\"https:\/\/www.redemagic.com\/blog\/wp-content\/uploads\/2026\/09\/Shineray-Festival-Interlagos4-1024x683.png 1024w, https:\/\/www.redemagic.com\/blog\/wp-content\/uploads\/2026\/09\/Shineray-Festival-Interlagos4-300x200.png 300w, https:\/\/www.redemagic.com\/blog\/wp-content\/uploads\/2026\/09\/Shineray-Festival-Interlagos4-768x512.png 768w, https:\/\/www.redemagic.com\/blog\/wp-content\/uploads\/2026\/09\/Shineray-Festival-Interlagos4.png 1536w\" sizes=\"auto, (max-width: 1024px) 100vw, 1024px\" \/><\/a><\/figure>\n\n\n\n<figure class=\"wp-block-image size-large\"><a href=\"https:\/\/www.redemagic.com\/blog\/wp-content\/uploads\/2026\/09\/Shineray-Festival-Interlagos7.png\" data-lbwps-width=\"1536\" data-lbwps-height=\"1024\" data-lbwps-srcsmall=\"https:\/\/www.redemagic.com\/blog\/wp-content\/uploads\/2026\/09\/Shineray-Festival-Interlagos7-300x200.png\"><img loading=\"lazy\" decoding=\"async\" width=\"1024\" height=\"683\" data-id=\"28050\" src=\"https:\/\/www.redemagic.com\/blog\/wp-content\/uploads\/2026\/09\/Shineray-Festival-Interlagos7-1024x683.png\" alt=\"\" class=\"wp-image-28050\" srcset=\"https:\/\/www.redemagic.com\/blog\/wp-content\/uploads\/2026\/09\/Shineray-Festival-Interlagos7-1024x683.png 1024w, https:\/\/www.redemagic.com\/blog\/wp-content\/uploads\/2026\/09\/Shineray-Festival-Interlagos7-300x200.png 300w, https:\/\/www.redemagic.com\/blog\/wp-content\/uploads\/2026\/09\/Shineray-Festival-Interlagos7-768x512.png 768w, https:\/\/www.redemagic.com\/blog\/wp-content\/uploads\/2026\/09\/Shineray-Festival-Interlagos7.png 1536w\" sizes=\"auto, (max-width: 1024px) 100vw, 1024px\" \/><\/a><\/figure>\n\n\n\n<figure class=\"wp-block-image size-large\"><a href=\"https:\/\/www.redemagic.com\/blog\/wp-content\/uploads\/2026\/09\/Shineray-Festival-Interlagos6.png\" data-lbwps-width=\"1536\" data-lbwps-height=\"1024\" data-lbwps-srcsmall=\"https:\/\/www.redemagic.com\/blog\/wp-content\/uploads\/2026\/09\/Shineray-Festival-Interlagos6-300x200.png\"><img loading=\"lazy\" decoding=\"async\" width=\"1024\" height=\"683\" data-id=\"28049\" src=\"https:\/\/www.redemagic.com\/blog\/wp-content\/uploads\/2026\/09\/Shineray-Festival-Interlagos6-1024x683.png\" alt=\"\" class=\"wp-image-28049\" srcset=\"https:\/\/www.redemagic.com\/blog\/wp-content\/uploads\/2026\/09\/Shineray-Festival-Interlagos6-1024x683.png 1024w, https:\/\/www.redemagic.com\/blog\/wp-content\/uploads\/2026\/09\/Shineray-Festival-Interlagos6-300x200.png 300w, https:\/\/www.redemagic.com\/blog\/wp-content\/uploads\/2026\/09\/Shineray-Festival-Interlagos6-768x512.png 768w, https:\/\/www.redemagic.com\/blog\/wp-content\/uploads\/2026\/09\/Shineray-Festival-Interlagos6.png 1536w\" sizes=\"auto, (max-width: 1024px) 100vw, 1024px\" \/><\/a><\/figure>\n\n\n\n<figure class=\"wp-block-image size-large\"><a href=\"https:\/\/www.redemagic.com\/blog\/wp-content\/uploads\/2026\/09\/Shineray-Festival-Interlagos5.png\" data-lbwps-width=\"1537\" data-lbwps-height=\"1023\" data-lbwps-srcsmall=\"https:\/\/www.redemagic.com\/blog\/wp-content\/uploads\/2026\/09\/Shineray-Festival-Interlagos5-300x200.png\"><img loading=\"lazy\" decoding=\"async\" width=\"1024\" height=\"682\" data-id=\"28052\" src=\"https:\/\/www.redemagic.com\/blog\/wp-content\/uploads\/2026\/09\/Shineray-Festival-Interlagos5-1024x682.png\" alt=\"\" class=\"wp-image-28052\" srcset=\"https:\/\/www.redemagic.com\/blog\/wp-content\/uploads\/2026\/09\/Shineray-Festival-Interlagos5-1024x682.png 1024w, https:\/\/www.redemagic.com\/blog\/wp-content\/uploads\/2026\/09\/Shineray-Festival-Interlagos5-300x200.png 300w, https:\/\/www.redemagic.com\/blog\/wp-content\/uploads\/2026\/09\/Shineray-Festival-Interlagos5-768x511.png 768w, https:\/\/www.redemagic.com\/blog\/wp-content\/uploads\/2026\/09\/Shineray-Festival-Interlagos5.png 1537w\" sizes=\"auto, (max-width: 1024px) 100vw, 1024px\" \/><\/a><\/figure>\n<\/figure>\n\n\n\n<p class=\"wp-block-paragraph\"><\/p>\n\n\n\n<p class=\"wp-block-paragraph\">O Festival Interlagos tamb\u00e9m foi palco para conversas importantes sobre o momento da marca. Em v\u00eddeo publicado por <strong>Antonio Borba<\/strong>, CEO da Rede Magic, o executivo conversa com <strong>Jos\u00e9 Edson de Medeiros<\/strong>, CEO da Shineray do Brasil, sobre a presen\u00e7a da marca no evento e a experi\u00eancia com a <strong>SBM 900S<\/strong>. <\/p>\n\n\n\n<figure class=\"wp-block-image size-large is-resized\"><a href=\"https:\/\/www.instagram.com\/reel\/DcmgcjSgfV2\/\"><img loading=\"lazy\" decoding=\"async\" width=\"693\" height=\"1024\" src=\"https:\/\/www.redemagic.com\/blog\/wp-content\/uploads\/2026\/09\/Entrevista-com-Edinho-Medeiros-693x1024.png\" alt=\"\" class=\"wp-image-28061\" style=\"aspect-ratio:0.676752880140383;width:351px;height:auto\" srcset=\"https:\/\/www.redemagic.com\/blog\/wp-content\/uploads\/2026\/09\/Entrevista-com-Edinho-Medeiros-693x1024.png 693w, https:\/\/www.redemagic.com\/blog\/wp-content\/uploads\/2026\/09\/Entrevista-com-Edinho-Medeiros-203x300.png 203w, https:\/\/www.redemagic.com\/blog\/wp-content\/uploads\/2026\/09\/Entrevista-com-Edinho-Medeiros.png 734w\" sizes=\"auto, (max-width: 693px) 100vw, 693px\" \/><\/a><\/figure>\n\n\n\n<p class=\"wp-block-paragraph\">Mais do que um estande, a presen\u00e7a da Shineray no Festival Interlagos 2026 traduziu o papel do <a href=\"https:\/\/www.redemagic.com\/solucoes\/promo-e-live-marketing\/eventos\/\" target=\"_blank\" rel=\"noreferrer noopener\"><strong>Live Marketing<\/strong><\/a> na constru\u00e7\u00e3o de experi\u00eancias presenciais capazes de aproximar marca, produto e p\u00fablico. Em um evento onde o visitante n\u00e3o apenas observa, mas experimenta, circula, compara e se conecta com as novidades do mercado, cada detalhe da entrega contribui para fortalecer a percep\u00e7\u00e3o da marca e ampliar sua relev\u00e2ncia no setor.<\/p>\n\n\n\n<p class=\"wp-block-paragraph\">Com esse projeto, a <strong><a href=\"http:\/\/www.redemagic.com\/\" data-type=\"link\" data-id=\"http:\/\/www.redemagic.com\/\" target=\"_blank\" rel=\"noreferrer noopener\">Rede Magic<\/a><\/strong> refor\u00e7a sua atua\u00e7\u00e3o em eventos e ativa\u00e7\u00f5es de marca, conectando <strong><a href=\"https:\/\/www.redemagic.com\/a-agencia\/\" data-type=\"link\" data-id=\"https:\/\/www.redemagic.com\/a-agencia\/\" target=\"_blank\" rel=\"noreferrer noopener\">planejamento, produ\u00e7\u00e3o, ambienta\u00e7\u00e3o e experi\u00eancia<\/a><\/strong> em uma entrega de ponta a ponta para marcas que buscam presen\u00e7a relevante nos grandes encontros do mercado.<\/p>\n\n\n\n<p class=\"wp-block-paragraph\"><\/p>\n","protected":false},"excerpt":{"rendered":"<p class=\"wp-block-paragraph\">O <strong><a href=\"https:\/\/moto.festivalinterlagos.com.br\/\" target=\"_blank\" rel=\"noreferrer noopener\">Festival Interlagos 2026<\/a><\/strong> reuniu, no <strong>Aut\u00f3dromo de Interlagos<\/strong>, em S\u00e3o Paulo, algumas das principais marcas do mercado duas rodas em uma edi\u00e7\u00e3o marcada por lan\u00e7amentos, experi\u00eancias de pilotagem, ativa\u00e7\u00f5es, entretenimento e grande presen\u00e7a de p\u00fablico.<\/p>\n<p class=\"wp-block-paragraph\">Criado originalmente pela Revista Duas Rodas como Festival Duas Rodas, o evento nasceu com a proposta de substituir o formato tradicional de sal\u00e3o de motocicletas por uma experi\u00eancia mais din\u00e2mica e interativa. Em vez de apenas apresentar produtos em exposi\u00e7\u00e3o, <strong>o festival permite que o p\u00fablico viva o universo das motos na pr\u00e1tica, com test-rides, pistas, circuitos urbanos e off-road, demonstra\u00e7\u00f5es esportivas e contato direto com as novidades do setor.<\/strong><\/p>\n","protected":false},"author":38,"featured_media":28068,"comment_status":"open","ping_status":"open","sticky":false,"template":"","format":"standard","meta":{"footnotes":""},"categories":[2403,2396],"tags":[476,2417,2172,2420],"class_list":["post-28042","post","type-post","status-publish","format-standard","has-post-thumbnail","hentry","category-eventos","category-live-marketing","tag-eventos","tag-experiencia","tag-live-marketing","tag-shineray"],"yoast_head":"<!-- This site is optimized with the Yoast SEO plugin v28.1 - https:\/\/yoast.com\/product\/yoast-seo-wordpress\/ -->\n<title>Shineray no Festival Interlagos 2026 - Rede Magic<\/title>\n<meta name=\"description\" content=\"Em um festival voltado a apaixonados por motos, especialistas, imprensa, consumidores e profissionais do setor, o espa\u00e7o funcionou como ponto de contato entre produto, experi\u00eancia e relacionamento.\" \/>\n<meta name=\"robots\" content=\"index, follow, max-snippet:-1, max-image-preview:large, max-video-preview:-1\" \/>\n<link rel=\"canonical\" href=\"https:\/\/www.redemagic.com\/blog\/live-marketing\/shineray-no-festival-interlagos-2026\/\" \/>\n<meta property=\"og:locale\" content=\"pt_BR\" \/>\n<meta property=\"og:type\" content=\"article\" \/>\n<meta property=\"og:title\" content=\"Shineray no Festival Interlagos 2026 - Rede Magic\" \/>\n<meta property=\"og:description\" content=\"Em um festival voltado a apaixonados por motos, especialistas, imprensa, consumidores e profissionais do setor, o espa\u00e7o funcionou como ponto de contato entre produto, experi\u00eancia e relacionamento.\" \/>\n<meta property=\"og:url\" content=\"https:\/\/www.redemagic.com\/blog\/live-marketing\/shineray-no-festival-interlagos-2026\/\" \/>\n<meta property=\"og:site_name\" content=\"Rede Magic\" \/>\n<meta property=\"article:publisher\" content=\"https:\/\/web.facebook.com\/RedeMagic\" \/>\n<meta property=\"article:published_time\" content=\"2026-09-03T10:51:55+00:00\" \/>\n<meta property=\"article:modified_time\" content=\"2026-09-03T17:26:46+00:00\" \/>\n<meta property=\"og:image\" content=\"https:\/\/www.redemagic.com\/blog\/wp-content\/uploads\/2026\/09\/Captura-de-Tela-2026-09-03-as-14.25.31.png\" \/>\n\t<meta property=\"og:image:width\" content=\"1722\" \/>\n\t<meta property=\"og:image:height\" content=\"968\" \/>\n\t<meta property=\"og:image:type\" content=\"image\/png\" \/>\n<meta name=\"author\" content=\"Henrie\" \/>\n<meta name=\"twitter:label1\" content=\"Escrito por\" \/>\n\t<meta name=\"twitter:data1\" content=\"Henrie\" \/>\n\t<meta name=\"twitter:label2\" content=\"Est. tempo de leitura\" \/>\n\t<meta name=\"twitter:data2\" content=\"6 minutos\" \/>\n<script type=\"application\/ld+json\" class=\"yoast-schema-graph\">{\"@context\":\"https:\\\/\\\/schema.org\",\"@graph\":[{\"@type\":\"Article\",\"@id\":\"https:\\\/\\\/www.redemagic.com\\\/blog\\\/live-marketing\\\/shineray-no-festival-interlagos-2026\\\/#article\",\"isPartOf\":{\"@id\":\"https:\\\/\\\/www.redemagic.com\\\/blog\\\/live-marketing\\\/shineray-no-festival-interlagos-2026\\\/\"},\"author\":{\"name\":\"Henrie\",\"@id\":\"https:\\\/\\\/www.redemagic.com\\\/blog\\\/#\\\/schema\\\/person\\\/d68596ec9fa9b9fa25966af857be37d6\"},\"headline\":\"Shineray no Festival Interlagos 2026\",\"datePublished\":\"2026-09-03T10:51:55+00:00\",\"dateModified\":\"2026-09-03T17:26:46+00:00\",\"mainEntityOfPage\":{\"@id\":\"https:\\\/\\\/www.redemagic.com\\\/blog\\\/live-marketing\\\/shineray-no-festival-interlagos-2026\\\/\"},\"wordCount\":679,\"commentCount\":0,\"publisher\":{\"@id\":\"https:\\\/\\\/www.redemagic.com\\\/blog\\\/#organization\"},\"image\":{\"@id\":\"https:\\\/\\\/www.redemagic.com\\\/blog\\\/live-marketing\\\/shineray-no-festival-interlagos-2026\\\/#primaryimage\"},\"thumbnailUrl\":\"https:\\\/\\\/www.redemagic.com\\\/blog\\\/wp-content\\\/uploads\\\/2026\\\/09\\\/Captura-de-Tela-2026-09-03-as-14.25.31.png\",\"keywords\":[\"eventos\",\"experi\u00eancia\",\"live marketing\",\"shineray\"],\"articleSection\":[\"Eventos\",\"Live Marketing\"],\"inLanguage\":\"pt-BR\",\"potentialAction\":[{\"@type\":\"CommentAction\",\"name\":\"Comment\",\"target\":[\"https:\\\/\\\/www.redemagic.com\\\/blog\\\/live-marketing\\\/shineray-no-festival-interlagos-2026\\\/#respond\"]}]},{\"@type\":\"WebPage\",\"@id\":\"https:\\\/\\\/www.redemagic.com\\\/blog\\\/live-marketing\\\/shineray-no-festival-interlagos-2026\\\/\",\"url\":\"https:\\\/\\\/www.redemagic.com\\\/blog\\\/live-marketing\\\/shineray-no-festival-interlagos-2026\\\/\",\"name\":\"Shineray no Festival Interlagos 2026 - Rede Magic\",\"isPartOf\":{\"@id\":\"https:\\\/\\\/www.redemagic.com\\\/blog\\\/#website\"},\"primaryImageOfPage\":{\"@id\":\"https:\\\/\\\/www.redemagic.com\\\/blog\\\/live-marketing\\\/shineray-no-festival-interlagos-2026\\\/#primaryimage\"},\"image\":{\"@id\":\"https:\\\/\\\/www.redemagic.com\\\/blog\\\/live-marketing\\\/shineray-no-festival-interlagos-2026\\\/#primaryimage\"},\"thumbnailUrl\":\"https:\\\/\\\/www.redemagic.com\\\/blog\\\/wp-content\\\/uploads\\\/2026\\\/09\\\/Captura-de-Tela-2026-09-03-as-14.25.31.png\",\"datePublished\":\"2026-09-03T10:51:55+00:00\",\"dateModified\":\"2026-09-03T17:26:46+00:00\",\"description\":\"Em um festival voltado a apaixonados por motos, especialistas, imprensa, consumidores e profissionais do setor, o espa\u00e7o funcionou como ponto de contato entre produto, experi\u00eancia e relacionamento.\",\"inLanguage\":\"pt-BR\",\"potentialAction\":[{\"@type\":\"ReadAction\",\"target\":[\"https:\\\/\\\/www.redemagic.com\\\/blog\\\/live-marketing\\\/shineray-no-festival-interlagos-2026\\\/\"]}]},{\"@type\":\"ImageObject\",\"inLanguage\":\"pt-BR\",\"@id\":\"https:\\\/\\\/www.redemagic.com\\\/blog\\\/live-marketing\\\/shineray-no-festival-interlagos-2026\\\/#primaryimage\",\"url\":\"https:\\\/\\\/www.redemagic.com\\\/blog\\\/wp-content\\\/uploads\\\/2026\\\/09\\\/Captura-de-Tela-2026-09-03-as-14.25.31.png\",\"contentUrl\":\"https:\\\/\\\/www.redemagic.com\\\/blog\\\/wp-content\\\/uploads\\\/2026\\\/09\\\/Captura-de-Tela-2026-09-03-as-14.25.31.png\",\"width\":1722,\"height\":968},{\"@type\":\"WebSite\",\"@id\":\"https:\\\/\\\/www.redemagic.com\\\/blog\\\/#website\",\"url\":\"https:\\\/\\\/www.redemagic.com\\\/blog\\\/\",\"name\":\"Rede Magic\",\"description\":\"Ag\u00eancia de Total Marketing\",\"publisher\":{\"@id\":\"https:\\\/\\\/www.redemagic.com\\\/blog\\\/#organization\"},\"potentialAction\":[{\"@type\":\"SearchAction\",\"target\":{\"@type\":\"EntryPoint\",\"urlTemplate\":\"https:\\\/\\\/www.redemagic.com\\\/blog\\\/?s={search_term_string}\"},\"query-input\":{\"@type\":\"PropertyValueSpecification\",\"valueRequired\":true,\"valueName\":\"search_term_string\"}}],\"inLanguage\":\"pt-BR\"},{\"@type\":\"Organization\",\"@id\":\"https:\\\/\\\/www.redemagic.com\\\/blog\\\/#organization\",\"name\":\"Rede Magic\",\"url\":\"https:\\\/\\\/www.redemagic.com\\\/blog\\\/\",\"logo\":{\"@type\":\"ImageObject\",\"inLanguage\":\"pt-BR\",\"@id\":\"https:\\\/\\\/www.redemagic.com\\\/blog\\\/#\\\/schema\\\/logo\\\/image\\\/\",\"url\":\"https:\\\/\\\/www.redemagic.com\\\/blog\\\/wp-content\\\/uploads\\\/2025\\\/02\\\/Logo-RedeMagic.png\",\"contentUrl\":\"https:\\\/\\\/www.redemagic.com\\\/blog\\\/wp-content\\\/uploads\\\/2025\\\/02\\\/Logo-RedeMagic.png\",\"width\":660,\"height\":440,\"caption\":\"Rede Magic\"},\"image\":{\"@id\":\"https:\\\/\\\/www.redemagic.com\\\/blog\\\/#\\\/schema\\\/logo\\\/image\\\/\"},\"sameAs\":[\"https:\\\/\\\/web.facebook.com\\\/RedeMagic\",\"https:\\\/\\\/www.instagram.com\\\/redemagic\\\/\",\"https:\\\/\\\/www.linkedin.com\\\/company\\\/redemagic\"]},{\"@type\":\"Person\",\"@id\":\"https:\\\/\\\/www.redemagic.com\\\/blog\\\/#\\\/schema\\\/person\\\/d68596ec9fa9b9fa25966af857be37d6\",\"name\":\"Henrie\",\"image\":{\"@type\":\"ImageObject\",\"inLanguage\":\"pt-BR\",\"@id\":\"https:\\\/\\\/secure.gravatar.com\\\/avatar\\\/9add6534073cf50dab5ea77bbd8c07b2b6144ef916b1af2a1eab023c80741e63?s=96&d=mm&r=g\",\"url\":\"https:\\\/\\\/secure.gravatar.com\\\/avatar\\\/9add6534073cf50dab5ea77bbd8c07b2b6144ef916b1af2a1eab023c80741e63?s=96&d=mm&r=g\",\"contentUrl\":\"https:\\\/\\\/secure.gravatar.com\\\/avatar\\\/9add6534073cf50dab5ea77bbd8c07b2b6144ef916b1af2a1eab023c80741e63?s=96&d=mm&r=g\",\"caption\":\"Henrie\"},\"url\":\"https:\\\/\\\/www.redemagic.com\\\/blog\\\/author\\\/henrie\\\/\"}]}<\/script>\n<!-- \/ Yoast SEO plugin. -->","yoast_head_json":{"title":"Shineray no Festival Interlagos 2026 - Rede Magic","description":"Em um festival voltado a apaixonados por motos, especialistas, imprensa, consumidores e profissionais do setor, o espa\u00e7o funcionou como ponto de contato entre produto, experi\u00eancia e relacionamento.","robots":{"index":"index","follow":"follow","max-snippet":"max-snippet:-1","max-image-preview":"max-image-preview:large","max-video-preview":"max-video-preview:-1"},"canonical":"https:\/\/www.redemagic.com\/blog\/live-marketing\/shineray-no-festival-interlagos-2026\/","og_locale":"pt_BR","og_type":"article","og_title":"Shineray no Festival Interlagos 2026 - Rede Magic","og_description":"Em um festival voltado a apaixonados por motos, especialistas, imprensa, consumidores e profissionais do setor, o espa\u00e7o funcionou como ponto de contato entre produto, experi\u00eancia e relacionamento.","og_url":"https:\/\/www.redemagic.com\/blog\/live-marketing\/shineray-no-festival-interlagos-2026\/","og_site_name":"Rede Magic","article_publisher":"https:\/\/web.facebook.com\/RedeMagic","article_published_time":"2026-09-03T10:51:55+00:00","article_modified_time":"2026-09-03T17:26:46+00:00","og_image":[{"width":1722,"height":968,"url":"https:\/\/www.redemagic.com\/blog\/wp-content\/uploads\/2026\/09\/Captura-de-Tela-2026-09-03-as-14.25.31.png","type":"image\/png"}],"author":"Henrie","twitter_misc":{"Escrito por":"Henrie","Est. tempo de leitura":"6 minutos"},"schema":{"@context":"https:\/\/schema.org","@graph":[{"@type":"Article","@id":"https:\/\/www.redemagic.com\/blog\/live-marketing\/shineray-no-festival-interlagos-2026\/#article","isPartOf":{"@id":"https:\/\/www.redemagic.com\/blog\/live-marketing\/shineray-no-festival-interlagos-2026\/"},"author":{"name":"Henrie","@id":"https:\/\/www.redemagic.com\/blog\/#\/schema\/person\/d68596ec9fa9b9fa25966af857be37d6"},"headline":"Shineray no Festival Interlagos 2026","datePublished":"2026-09-03T10:51:55+00:00","dateModified":"2026-09-03T17:26:46+00:00","mainEntityOfPage":{"@id":"https:\/\/www.redemagic.com\/blog\/live-marketing\/shineray-no-festival-interlagos-2026\/"},"wordCount":679,"commentCount":0,"publisher":{"@id":"https:\/\/www.redemagic.com\/blog\/#organization"},"image":{"@id":"https:\/\/www.redemagic.com\/blog\/live-marketing\/shineray-no-festival-interlagos-2026\/#primaryimage"},"thumbnailUrl":"https:\/\/www.redemagic.com\/blog\/wp-content\/uploads\/2026\/09\/Captura-de-Tela-2026-09-03-as-14.25.31.png","keywords":["eventos","experi\u00eancia","live marketing","shineray"],"articleSection":["Eventos","Live Marketing"],"inLanguage":"pt-BR","potentialAction":[{"@type":"CommentAction","name":"Comment","target":["https:\/\/www.redemagic.com\/blog\/live-marketing\/shineray-no-festival-interlagos-2026\/#respond"]}]},{"@type":"WebPage","@id":"https:\/\/www.redemagic.com\/blog\/live-marketing\/shineray-no-festival-interlagos-2026\/","url":"https:\/\/www.redemagic.com\/blog\/live-marketing\/shineray-no-festival-interlagos-2026\/","name":"Shineray no Festival Interlagos 2026 - Rede Magic","isPartOf":{"@id":"https:\/\/www.redemagic.com\/blog\/#website"},"primaryImageOfPage":{"@id":"https:\/\/www.redemagic.com\/blog\/live-marketing\/shineray-no-festival-interlagos-2026\/#primaryimage"},"image":{"@id":"https:\/\/www.redemagic.com\/blog\/live-marketing\/shineray-no-festival-interlagos-2026\/#primaryimage"},"thumbnailUrl":"https:\/\/www.redemagic.com\/blog\/wp-content\/uploads\/2026\/09\/Captura-de-Tela-2026-09-03-as-14.25.31.png","datePublished":"2026-09-03T10:51:55+00:00","dateModified":"2026-09-03T17:26:46+00:00","description":"Em um festival voltado a apaixonados por motos, especialistas, imprensa, consumidores e profissionais do setor, o espa\u00e7o funcionou como ponto de contato entre produto, experi\u00eancia e relacionamento.","inLanguage":"pt-BR","potentialAction":[{"@type":"ReadAction","target":["https:\/\/www.redemagic.com\/blog\/live-marketing\/shineray-no-festival-interlagos-2026\/"]}]},{"@type":"ImageObject","inLanguage":"pt-BR","@id":"https:\/\/www.redemagic.com\/blog\/live-marketing\/shineray-no-festival-interlagos-2026\/#primaryimage","url":"https:\/\/www.redemagic.com\/blog\/wp-content\/uploads\/2026\/09\/Captura-de-Tela-2026-09-03-as-14.25.31.png","contentUrl":"https:\/\/www.redemagic.com\/blog\/wp-content\/uploads\/2026\/09\/Captura-de-Tela-2026-09-03-as-14.25.31.png","width":1722,"height":968},{"@type":"WebSite","@id":"https:\/\/www.redemagic.com\/blog\/#website","url":"https:\/\/www.redemagic.com\/blog\/","name":"Rede Magic","description":"Ag\u00eancia de Total Marketing","publisher":{"@id":"https:\/\/www.redemagic.com\/blog\/#organization"},"potentialAction":[{"@type":"SearchAction","target":{"@type":"EntryPoint","urlTemplate":"https:\/\/www.redemagic.com\/blog\/?s={search_term_string}"},"query-input":{"@type":"PropertyValueSpecification","valueRequired":true,"valueName":"search_term_string"}}],"inLanguage":"pt-BR"},{"@type":"Organization","@id":"https:\/\/www.redemagic.com\/blog\/#organization","name":"Rede Magic","url":"https:\/\/www.redemagic.com\/blog\/","logo":{"@type":"ImageObject","inLanguage":"pt-BR","@id":"https:\/\/www.redemagic.com\/blog\/#\/schema\/logo\/image\/","url":"https:\/\/www.redemagic.com\/blog\/wp-content\/uploads\/2025\/02\/Logo-RedeMagic.png","contentUrl":"https:\/\/www.redemagic.com\/blog\/wp-content\/uploads\/2025\/02\/Logo-RedeMagic.png","width":660,"height":440,"caption":"Rede Magic"},"image":{"@id":"https:\/\/www.redemagic.com\/blog\/#\/schema\/logo\/image\/"},"sameAs":["https:\/\/web.facebook.com\/RedeMagic","https:\/\/www.instagram.com\/redemagic\/","https:\/\/www.linkedin.com\/company\/redemagic"]},{"@type":"Person","@id":"https:\/\/www.redemagic.com\/blog\/#\/schema\/person\/d68596ec9fa9b9fa25966af857be37d6","name":"Henrie","image":{"@type":"ImageObject","inLanguage":"pt-BR","@id":"https:\/\/secure.gravatar.com\/avatar\/9add6534073cf50dab5ea77bbd8c07b2b6144ef916b1af2a1eab023c80741e63?s=96&d=mm&r=g","url":"https:\/\/secure.gravatar.com\/avatar\/9add6534073cf50dab5ea77bbd8c07b2b6144ef916b1af2a1eab023c80741e63?s=96&d=mm&r=g","contentUrl":"https:\/\/secure.gravatar.com\/avatar\/9add6534073cf50dab5ea77bbd8c07b2b6144ef916b1af2a1eab023c80741e63?s=96&d=mm&r=g","caption":"Henrie"},"url":"https:\/\/www.redemagic.com\/blog\/author\/henrie\/"}]}},"_links":{"self":[{"href":"https:\/\/www.redemagic.com\/blog\/wp-json\/wp\/v2\/posts\/28042","targetHints":{"allow":["GET"]}}],"collection":[{"href":"https:\/\/www.redemagic.com\/blog\/wp-json\/wp\/v2\/posts"}],"about":[{"href":"https:\/\/www.redemagic.com\/blog\/wp-json\/wp\/v2\/types\/post"}],"author":[{"embeddable":true,"href":"https:\/\/www.redemagic.com\/blog\/wp-json\/wp\/v2\/users\/38"}],"replies":[{"embeddable":true,"href":"https:\/\/www.redemagic.com\/blog\/wp-json\/wp\/v2\/comments?post=28042"}],"version-history":[{"count":5,"href":"https:\/\/www.redemagic.com\/blog\/wp-json\/wp\/v2\/posts\/28042\/revisions"}],"predecessor-version":[{"id":28067,"href":"https:\/\/www.redemagic.com\/blog\/wp-json\/wp\/v2\/posts\/28042\/revisions\/28067"}],"wp:featuredmedia":[{"embeddable":true,"href":"https:\/\/www.redemagic.com\/blog\/wp-json\/wp\/v2\/media\/28068"}],"wp:attachment":[{"href":"https:\/\/www.redemagic.com\/blog\/wp-json\/wp\/v2\/media?parent=28042"}],"wp:term":[{"taxonomy":"category","embeddable":true,"href":"https:\/\/www.redemagic.com\/blog\/wp-json\/wp\/v2\/categories?post=28042"},{"taxonomy":"post_tag","embeddable":true,"href":"https:\/\/www.redemagic.com\/blog\/wp-json\/wp\/v2\/tags?post=28042"}],"curies":[{"name":"wp","href":"https:\/\/api.w.org\/{rel}","templated":true}]}}